{"id":17237,"date":"2023-05-05T09:49:26","date_gmt":"2023-05-05T07:49:26","guid":{"rendered":"http:\/\/biblioteka-strumien.pl\/?p=17237"},"modified":"2023-05-05T10:03:50","modified_gmt":"2023-05-05T08:03:50","slug":"wystawa-kraszanek","status":"publish","type":"post","link":"https:\/\/www.biblioteka-strumien.pl\/index.php\/2023\/05\/05\/wystawa-kraszanek\/","title":{"rendered":"WYSTAWA KRASZANEK"},"content":{"rendered":"<p>W \u201eMini Galerii Sztuki\u201d jak\u0105 sta\u0142 si\u0119 tymczasowo zbytkowski dom ksi\u0105\u017cki swoje prace prezentuje 24 uczestnik\u00f3w spotka\u0144 warsztatowych oraz ich instruktor. Na tak ma\u0142ej powierzchni jak\u0105 jest owal jajka mog\u0105 powsta\u0107 naprawd\u0119 zachwycaj\u0105ce oko artystyczne dzie\u0142a. Kompozycje w jakich zosta\u0142y one zaprezentowane wymaga\u0142y pomys\u0142owo\u015bci i tw\u00f3rczej wyobra\u017ani. Ca\u0142o\u015b\u0107 ekspozycji sk\u0142ada si\u0119 na naprawd\u0119 pi\u0119kn\u0105 wystaw\u0119.<\/p>\n<p>Podczas spotkania uczestnikom warsztat\u00f3w wr\u0119czono \u201ePodzi\u0119kowania\u201d za pe\u0142ny zaanga\u017cowania w nich udzia\u0142. Aktu wr\u0119czenia dokona\u0142 obecny na spotkaniu Przewodnicz\u0105cy Rady Miejskiej Czes\u0142aw Gre\u0144.<\/p>\n<p>W wernisa\u017cu uczestniczyli tak\u017ce Joanna Krakowka &#8211; dyrektor Przedszkola w Zbytkowie, Anna Szczypka &#8211; prezes Stowarzyszenia Mi\u0142o\u015bnik\u00f3w Zbytkowa, Alina Wawrzyczek &#8211; kierownik miejscowej \u015awietlicy, Bogus\u0142aw Wawrzyczek &#8211; so\u0142tys i radny Zbytkowa, Anna Pieczka &#8211; przewodnicz\u0105ca KGW Zbytk\u00f3w.<\/p>\n<p>[Best_Wordpress_Gallery id=&#8221;113&#8243; gal_title=&#8221;Wystawa kraszanek&#8221;]<\/p>\n<p>&nbsp;<\/p>\n","protected":false},"excerpt":{"rendered":"<p>W czwartek 20.04 KGW Zbytk\u00f3w razem z Katarzyn\u0105 Mazgaj, kierownik Biblioteki w Zbytkowie otworzy\u0142o wystaw\u0119 kraszanek. Ekspozycja ta znajduje si\u0119 w siedzibie miejscowej Biblioteki. Kraszanki wykonane metod\u0105 rytownicz\u0105 powsta\u0142y na warsztatach, kt\u00f3re w Kole Gospody\u0144 Wiejskich w Zbytkowie przeprowadzi\u0142 Leszek M\u0142ynarczyk.<\/p>\n","protected":false},"author":4,"featured_media":17238,"comment_status":"closed","ping_status":"closed","sticky":false,"template":"","format":"standard","meta":{"ngg_post_thumbnail":0,"_kad_post_transparent":"","_kad_post_title":"","_kad_post_layout":"","_kad_post_sidebar_id":"","_kad_post_content_style":"","_kad_post_vertical_padding":"","_kad_post_feature":"","_kad_post_feature_position":"","_kad_post_header":false,"_kad_post_footer":false,"_kad_post_classname":"","footnotes":""},"categories":[3,7],"tags":[],"class_list":["post-17237","post","type-post","status-publish","format-standard","has-post-thumbnail","hentry","category-aktualnosci","category-filia-w-zbytkowie"],"_links":{"self":[{"href":"https:\/\/www.biblioteka-strumien.pl\/index.php\/wp-json\/wp\/v2\/posts\/17237","targetHints":{"allow":["GET"]}}],"collection":[{"href":"https:\/\/www.biblioteka-strumien.pl\/index.php\/wp-json\/wp\/v2\/posts"}],"about":[{"href":"https:\/\/www.biblioteka-strumien.pl\/index.php\/wp-json\/wp\/v2\/types\/post"}],"author":[{"embeddable":true,"href":"https:\/\/www.biblioteka-strumien.pl\/index.php\/wp-json\/wp\/v2\/users\/4"}],"replies":[{"embeddable":true,"href":"https:\/\/www.biblioteka-strumien.pl\/index.php\/wp-json\/wp\/v2\/comments?post=17237"}],"version-history":[{"count":0,"href":"https:\/\/www.biblioteka-strumien.pl\/index.php\/wp-json\/wp\/v2\/posts\/17237\/revisions"}],"wp:featuredmedia":[{"embeddable":true,"href":"https:\/\/www.biblioteka-strumien.pl\/index.php\/wp-json\/wp\/v2\/media\/17238"}],"wp:attachment":[{"href":"https:\/\/www.biblioteka-strumien.pl\/index.php\/wp-json\/wp\/v2\/media?parent=17237"}],"wp:term":[{"taxonomy":"category","embeddable":true,"href":"https:\/\/www.biblioteka-strumien.pl\/index.php\/wp-json\/wp\/v2\/categories?post=17237"},{"taxonomy":"post_tag","embeddable":true,"href":"https:\/\/www.biblioteka-strumien.pl\/index.php\/wp-json\/wp\/v2\/tags?post=17237"}],"curies":[{"name":"wp","href":"https:\/\/api.w.org\/{rel}","templated":true}]}}